{"id":355,"date":"2023-08-26T16:06:55","date_gmt":"2023-08-26T21:06:55","guid":{"rendered":"https:\/\/justiciaclima-ppii.pucp.edu.pe\/?p=355"},"modified":"2023-08-28T17:09:05","modified_gmt":"2023-08-28T22:09:05","slug":"la-justicia-se-situa-en-el-centro-de-la-accion-por-el-clima","status":"publish","type":"post","link":"https:\/\/justiciaclima-ppii.pucp.edu.pe\/en\/la-justicia-se-situa-en-el-centro-de-la-accion-por-el-clima\/","title":{"rendered":"Justice is at the heart of climate action"},"content":{"rendered":"<p style=\"text-align: justify;\">Article authored by Adrian Di Giovanni and Georgina Cundill-Kemp for the website: https:\/\/idrc-crdi.ca <a href=\"https:\/\/idrc-crdi.ca\/en\/perspectives\/justice-moves-centre-stage-climate-action-ramps\">https:\/\/idrc-crdi.ca<\/a><\/p>\n<p style=\"text-align: justify;\">El creciente reconocimiento del cambio clim\u00e1tico como una cuesti\u00f3n de justicia parece haberse generalizado. La conferencia de la ONU sobre el clima de 2021, la COP 26, anunci\u00f3 una atenci\u00f3n sin precedentes a la justicia clim\u00e1tica que se reflej\u00f3 en la cobertura medi\u00e1tica. Un titular de la revista Nature dec\u00eda \u00abLos arquitectos de la COP furiosos por la falta de justicia clim\u00e1tica en una cumbre fundamental\u00bb, mientras que el New York Times publicaba \u00abEste a\u00f1o, las demandas de reparaci\u00f3n se han agudizado a medida que la justicia clim\u00e1tica se ha convertido en un grito de guerra\u00bb, y la BBC publicaba el art\u00edculo \u00abLa lucha mundial por la \u00abjusticia clim\u00e1tica\u00bb\u00bb.<\/p>\n<p style=\"text-align: justify;\">En 2019, el reciente aumento del inter\u00e9s impuls\u00f3 al IDRC a iniciar un proceso exploratorio para identificar el potencial de una agenda de investigaci\u00f3n sobre justicia clim\u00e1tica liderada por el Sur. Para m\u00e1s detalles, lea el informe publicado por el Instituto de Estudios para el Desarrollo, en colaboraci\u00f3n con la Universidad de Sussex &#8211; uno de los primeros resultados de nuestra exploraci\u00f3n.<\/p>\n<p style=\"text-align: justify;\">Gran parte de la atenci\u00f3n prestada a la justicia clim\u00e1tica en torno a la COP 26 se centr\u00f3 en las p\u00e9rdidas y los da\u00f1os en el Sur Global. Puso de relieve varias injusticias: que los pa\u00edses y las personas que sufrir\u00e1n los mayores impactos del cambio clim\u00e1tico, a pesar de ser los que menos contribuyen a \u00e9l, tambi\u00e9n se enfrentan a los mayores retos para ajustar sus econom\u00edas a un mundo con bajas emisiones de carbono. Durante nuestro viaje de aprendizaje que contin\u00faa hasta hoy, hemos llegado a comprender que este aspecto de la justicia clim\u00e1tica es fundamental y urgente, pero no lo es todo.<\/p>\n<p style=\"text-align: justify;\">Los llamamientos a la justicia clim\u00e1tica rara vez apuntan al impulso previsto de ambiciosas medidas clim\u00e1ticas en los pr\u00f3ximos a\u00f1os y a sus posibles efectos negativos sobre las poblaciones vulnerables y marginadas, especialmente en el Sur Global. En la pr\u00f3xima d\u00e9cada, las sociedades de todo el mundo iniciar\u00e1n y sentir\u00e1n los impactos de m\u00faltiples respuestas sociales al cambio clim\u00e1tico (v\u00e9ase el diagrama). Estas respuestas tendr\u00e1n lugar a escala local, nacional y mundial; se producir\u00e1n simult\u00e1neamente y probablemente interactuar\u00e1n entre s\u00ed de forma impredecible. Juntas, estas respuestas -o la falta de respuesta- traer\u00e1n consigo transiciones sociales que podr\u00edan exacerbar las desigualdades e injusticias existentes o crear otras nuevas. Sin embargo, con esfuerzos en los lugares adecuados, tambi\u00e9n podr\u00edan transformar la sociedad, permiti\u00e9ndole superar las desigualdades e injusticias existentes y construir un futuro m\u00e1s resiliente y equitativo.<\/p>\n<h3 style=\"text-align: justify;\">\u00bfQu\u00e9 formas de justicia son importantes en la acci\u00f3n por el clima?<\/h3>\n<p style=\"text-align: justify;\">Muchas dimensiones de la justicia son relevantes para los esfuerzos contra el cambio clim\u00e1tico; las tres principales son las siguientes.<\/p>\n<ul style=\"text-align: justify;\">\n<li><strong>La justicia procedimental <\/strong>hace hincapi\u00e9 en que los procesos de toma de decisiones sobre los efectos del cambio clim\u00e1tico y la acci\u00f3n clim\u00e1tica sean inclusivos, justos, responsables y transparentes, especialmente para los grupos m\u00e1s directamente vulnerables a esos efectos y acciones.<\/li>\n<li><strong>La justicia distributiva<\/strong>, esencial para los debates sobre p\u00e9rdidas y da\u00f1os que est\u00e1n teniendo lugar en estos momentos, se ocupa de los resultados y los impactos del cambio clim\u00e1tico y de los esfuerzos para hacerle frente. Se da prioridad a destacar c\u00f3mo los diferentes grupos a nivel local, nacional o mundial se benefician o sufren los impactos del cambio clim\u00e1tico y la acci\u00f3n clim\u00e1tica, as\u00ed como qui\u00e9n tiene la responsabilidad de ellos.<\/li>\n<li><strong>La justicia transformadora<\/strong> se basa en la noci\u00f3n de que la vulnerabilidad al cambio clim\u00e1tico refleja diversas injusticias estructurales de la sociedad, como la exclusi\u00f3n de los grupos marginados de la toma de decisiones y de opciones alternativas de subsistencia que podr\u00edan aumentar su resiliencia al cambio clim\u00e1tico. Desde ese punto de vista, las respuestas al cambio clim\u00e1tico deben apuntar a esas desigualdades estructurales, reforzar la gobernanza democr\u00e1tica a todas las escalas e impulsar la realizaci\u00f3n de la igualdad de g\u00e9nero y la inclusi\u00f3n social. Este <a href=\"https:\/\/wires.onlinelibrary.wiley.com\/doi\/10.1002\/wcc.733\">art\u00edculo<\/a> de la revista WIREs Climate Change explica el concepto.<\/li>\n<\/ul>\n<p style=\"text-align: justify;\">La justicia transformadora se vislumbra cuando se logra la justicia procedimental y distributiva. Requiere un enfoque sist\u00e9mico, que reconozca (i) las m\u00faltiples y a menudo superpuestas respuestas sociales al cambio clim\u00e1tico que se producir\u00e1n en diferentes lugares, momentos y escalas, pero tambi\u00e9n (ii) los retos existentes de desigualdad estructural y exclusiones que interactuar\u00e1n con las respuestas clim\u00e1ticas.<\/p>\n<p style=\"text-align: justify;\">Las respuestas clim\u00e1ticas se desarrollar\u00e1n a trav\u00e9s de diversas instituciones y procesos de gobernanza y plantear\u00e1n cuestiones de justicia procesal: \u00bfqui\u00e9n est\u00e1 dentro y qui\u00e9n est\u00e1 fuera cuando se toman decisiones sobre la acci\u00f3n clim\u00e1tica? Adem\u00e1s, esos procesos de gobernanza tienen el potencial de nivelar los desequilibrios de poder y mediar en las compensaciones de los debates sobre justicia clim\u00e1tica distributiva: qui\u00e9n se beneficia y qui\u00e9n sufre. Sin embargo, los proyectos de desarrollo e infraestructuras a gran escala est\u00e1n plagados de ejemplos dolorosos de da\u00f1os a grupos vulnerables, consecuencias negativas imprevistas y creaci\u00f3n o exacerbaci\u00f3n de injusticias y desigualdades. En un art\u00edculo publicado en Nature Climate Change, las autoras Mary Robinson y Tara Shine ya han llamado la atenci\u00f3n sobre los riesgos que suponen para los derechos humanos las intervenciones de acci\u00f3n clim\u00e1tica a gran escala bien intencionadas, como los parques solares y e\u00f3licos o las plantaciones de biocombustibles.<\/p>\n<h3 style=\"text-align: justify;\">El IDRC se une al debate sobre la justicia clim\u00e1tica y da prioridad a las perspectivas del Sur<\/h3>\n<p style=\"text-align: justify;\">Abordar el cambio clim\u00e1tico como una cuesti\u00f3n de justicia no es lo habitual. Aplicar una perspectiva de justicia exigir\u00e1 que todos trabajemos de forma diferente. El reto para la comunidad de la justicia ser\u00e1 trabajar de forma simult\u00e1nea y m\u00e1s eficaz a trav\u00e9s de m\u00faltiples escalas de partes interesadas y espacios de pol\u00edtica clim\u00e1tica, incluidos los planes nacionales de adaptaci\u00f3n y las contribuciones determinadas a nivel nacional. Para la comunidad del cambio clim\u00e1tico, ser\u00e1 importante complementar la atenci\u00f3n habitual a las soluciones t\u00e9cnicas con una mayor atenci\u00f3n a los significados, las aplicaciones y la b\u00fasqueda de la igualdad, la equidad y la justicia.<\/p>\n<p style=\"text-align: justify;\">En ese esp\u00edritu, el IDRC apoya nuevas investigaciones para comenzar a generar algunas respuestas a las grandes preguntas sobre c\u00f3mo lograr una justicia transformadora en un clima cambiante. Vemos que la investigaci\u00f3n desempe\u00f1a un importante papel transformador en el abordaje de las causas profundas de la desigualdad, especialmente cuando se construye en torno a asociaciones con socios no acad\u00e9micos, con un claro compromiso con la coproducci\u00f3n del conocimiento (ver diagrama anterior). Est\u00e9 atento a los avances de <a href=\"https:\/\/www.idrc.ca\/en\/project\/justice-changing-climate\">esta investigaci\u00f3n<\/a>, que pone a prueba enfoques para promover la justicia clim\u00e1tica en \u00c1frica, Asia y Am\u00e9rica Latina:<\/p>\n<ul style=\"text-align: justify;\">\n<li><strong>Adaptaci\u00f3n basada en la justicia a trav\u00e9s de los sistemas de conocimiento de los pueblos ind\u00edgenas en Chile y Per\u00fa<\/strong>, para conectar con los grupos de pueblos ind\u00edgenas e integrar sus perspectivas sobre la justicia clim\u00e1tica en los planes nacionales de adaptaci\u00f3n y las medidas relacionadas en Per\u00fa y Chile. Para m\u00e1s informaci\u00f3n, p\u00f3ngase en contacto con <a href=\"https:\/\/sites.google.com\/pucp.pe\/maritzaparedes\">Maritza Paredes<\/a> de la PUCP.<\/li>\n<li><strong>Reubicaci\u00f3n planificada justa y resiliente frente al cambio clim\u00e1tico en Bangladesh<\/strong>, para integrar cuestiones de inclusi\u00f3n y derechos en la Estrategia Nacional de Bangladesh sobre Reubicaci\u00f3n Planificada frente al Cambio Clim\u00e1tico. Para m\u00e1s informaci\u00f3n, p\u00f3ngase en contacto con el <a href=\"https:\/\/geography.exeter.ac.uk\/staff\/index.php?web_id=Ricardo_Safra_de_Campos\">Dr. Ricardo Safra<\/a> de Campos de la Universidad de Exeter.<\/li>\n<li><strong>Intermediar en la justicia en un clima cambiante<\/strong>, para apoyar a grupos y comunidades locales a defender eficazmente acciones clim\u00e1ticas justas e inclusivas a nivel mundial.<br \/>\nPara m\u00e1s informaci\u00f3n, p\u00f3ngase en contacto con <a href=\"https:\/\/southsouthnorth.org\/team\/\">Michelle Du Toit<\/a> en SouthSouthNorth.<\/li>\n<\/ul>\n<p style=\"text-align: justify;\">Dadas las crecientes ambiciones de actuar frente a la crisis clim\u00e1tica, ahora es el momento de movilizar la investigaci\u00f3n en torno a la justicia clim\u00e1tica. El reto consiste en forjar nuevas alianzas entre los m\u00e1s afectados por el cambio clim\u00e1tico y la acci\u00f3n por el clima, la comunidad de la justicia y los investigadores del cambio clim\u00e1tico.<\/p>\n<p>Pueden consultar el art\u00edculo original aqu\u00ed: https:\/\/idrc-crdi.ca\/en\/perspectives\/justice-moves-centre-stage-climate-action-ramps<\/p>","protected":false},"excerpt":{"rendered":"<p>Art\u00edculo realizado por\u00a0Adrian Di Giovanni y Georgina Cundill-Kemp\u00a0para la web: https:\/\/idrc-crdi.ca El creciente reconocimiento del cambio clim\u00e1tico como una cuesti\u00f3n de justicia parece haberse generalizado. La conferencia de la ONU sobre el clima de 2021, la COP 26, anunci\u00f3 una atenci\u00f3n sin precedentes a la justicia clim\u00e1tica que se reflej\u00f3 en la cobertura medi\u00e1tica. Un [&hellip;]<\/p>","protected":false},"author":1,"featured_media":356,"comment_status":"open","ping_status":"open","sticky":false,"template":"","format":"standard","meta":{"_acf_changed":false,"footnotes":""},"categories":[4],"tags":[],"class_list":["post-355","post","type-post","status-publish","format-standard","has-post-thumbnail","hentry","category-notas-de-prensa"],"acf":[],"yoast_head":"<!-- This site is optimized with the Yoast SEO plugin v23.1 - https:\/\/yoast.com\/wordpress\/plugins\/seo\/ -->\n<title>La justicia se sit\u00faa en el centro de la acci\u00f3n por el clima - Justicia Clim\u00e1tica y Pueblos Ind\u00edgenas<\/title>\n<meta name=\"description\" content=\"El IDRC se une al debate sobre la justicia clim\u00e1tica y da prioridad a las perspectivas del Sur\" \/>\n<meta name=\"robots\" content=\"index, follow, max-snippet:-1, max-image-preview:large, max-video-preview:-1\" \/>\n<link rel=\"canonical\" href=\"https:\/\/justiciaclima-ppii.pucp.edu.pe\/en\/la-justicia-se-situa-en-el-centro-de-la-accion-por-el-clima\/\" \/>\n<meta property=\"og:locale\" content=\"en_US\" \/>\n<meta property=\"og:type\" content=\"article\" \/>\n<meta property=\"og:title\" content=\"La justicia se sit\u00faa en el centro de la acci\u00f3n por el clima - Justicia Clim\u00e1tica y Pueblos Ind\u00edgenas\" \/>\n<meta property=\"og:description\" content=\"El IDRC se une al debate sobre la justicia clim\u00e1tica y da prioridad a las perspectivas del Sur\" \/>\n<meta property=\"og:url\" content=\"https:\/\/justiciaclima-ppii.pucp.edu.pe\/en\/la-justicia-se-situa-en-el-centro-de-la-accion-por-el-clima\/\" \/>\n<meta property=\"og:site_name\" content=\"Justicia Clim\u00e1tica y Pueblos Ind\u00edgenas\" \/>\n<meta property=\"article:published_time\" content=\"2023-08-26T21:06:55+00:00\" \/>\n<meta property=\"article:modified_time\" content=\"2023-08-28T22:09:05+00:00\" \/>\n<meta property=\"og:image\" content=\"https:\/\/justiciaclima-ppii.pucp.edu.pe\/wp-content\/uploads\/2023\/08\/Panos-climate-justice-activists-from-Peru-in-UK.jpeg\" \/>\n\t<meta property=\"og:image:width\" content=\"1200\" \/>\n\t<meta property=\"og:image:height\" content=\"800\" \/>\n\t<meta property=\"og:image:type\" content=\"image\/jpeg\" \/>\n<meta name=\"author\" content=\"adminjusticlima\" \/>\n<meta name=\"twitter:card\" content=\"summary_large_image\" \/>\n<meta name=\"twitter:label1\" content=\"Written by\" \/>\n\t<meta name=\"twitter:data1\" content=\"adminjusticlima\" \/>\n\t<meta name=\"twitter:label2\" content=\"Est. reading time\" \/>\n\t<meta name=\"twitter:data2\" content=\"6 minutes\" \/>\n<script type=\"application\/ld+json\" class=\"yoast-schema-graph\">{\"@context\":\"https:\/\/schema.org\",\"@graph\":[{\"@type\":\"WebPage\",\"@id\":\"https:\/\/justiciaclima-ppii.pucp.edu.pe\/la-justicia-se-situa-en-el-centro-de-la-accion-por-el-clima\/\",\"url\":\"https:\/\/justiciaclima-ppii.pucp.edu.pe\/la-justicia-se-situa-en-el-centro-de-la-accion-por-el-clima\/\",\"name\":\"La justicia se sit\u00faa en el centro de la acci\u00f3n por el clima - Justicia Clim\u00e1tica y Pueblos Ind\u00edgenas\",\"isPartOf\":{\"@id\":\"https:\/\/justiciaclima-ppii.pucp.edu.pe\/#website\"},\"primaryImageOfPage\":{\"@id\":\"https:\/\/justiciaclima-ppii.pucp.edu.pe\/la-justicia-se-situa-en-el-centro-de-la-accion-por-el-clima\/#primaryimage\"},\"image\":{\"@id\":\"https:\/\/justiciaclima-ppii.pucp.edu.pe\/la-justicia-se-situa-en-el-centro-de-la-accion-por-el-clima\/#primaryimage\"},\"thumbnailUrl\":\"https:\/\/justiciaclima-ppii.pucp.edu.pe\/wp-content\/uploads\/2023\/08\/Panos-climate-justice-activists-from-Peru-in-UK.jpeg\",\"datePublished\":\"2023-08-26T21:06:55+00:00\",\"dateModified\":\"2023-08-28T22:09:05+00:00\",\"author\":{\"@id\":\"https:\/\/justiciaclima-ppii.pucp.edu.pe\/#\/schema\/person\/4e871d891749b552c51eddb5453cd044\"},\"description\":\"El IDRC se une al debate sobre la justicia clim\u00e1tica y da prioridad a las perspectivas del Sur\",\"breadcrumb\":{\"@id\":\"https:\/\/justiciaclima-ppii.pucp.edu.pe\/la-justicia-se-situa-en-el-centro-de-la-accion-por-el-clima\/#breadcrumb\"},\"inLanguage\":\"en-US\",\"potentialAction\":[{\"@type\":\"ReadAction\",\"target\":[\"https:\/\/justiciaclima-ppii.pucp.edu.pe\/la-justicia-se-situa-en-el-centro-de-la-accion-por-el-clima\/\"]}]},{\"@type\":\"ImageObject\",\"inLanguage\":\"en-US\",\"@id\":\"https:\/\/justiciaclima-ppii.pucp.edu.pe\/la-justicia-se-situa-en-el-centro-de-la-accion-por-el-clima\/#primaryimage\",\"url\":\"https:\/\/justiciaclima-ppii.pucp.edu.pe\/wp-content\/uploads\/2023\/08\/Panos-climate-justice-activists-from-Peru-in-UK.jpeg\",\"contentUrl\":\"https:\/\/justiciaclima-ppii.pucp.edu.pe\/wp-content\/uploads\/2023\/08\/Panos-climate-justice-activists-from-Peru-in-UK.jpeg\",\"width\":1200,\"height\":800},{\"@type\":\"BreadcrumbList\",\"@id\":\"https:\/\/justiciaclima-ppii.pucp.edu.pe\/la-justicia-se-situa-en-el-centro-de-la-accion-por-el-clima\/#breadcrumb\",\"itemListElement\":[{\"@type\":\"ListItem\",\"position\":1,\"name\":\"Portada\",\"item\":\"https:\/\/justiciaclima-ppii.pucp.edu.pe\/\"},{\"@type\":\"ListItem\",\"position\":2,\"name\":\"La justicia se sit\u00faa en el centro de la acci\u00f3n por el clima\"}]},{\"@type\":\"WebSite\",\"@id\":\"https:\/\/justiciaclima-ppii.pucp.edu.pe\/#website\",\"url\":\"https:\/\/justiciaclima-ppii.pucp.edu.pe\/\",\"name\":\"Justicia Clim\u00e1tica y Pueblos Ind\u00edgenas\",\"description\":\"\",\"potentialAction\":[{\"@type\":\"SearchAction\",\"target\":{\"@type\":\"EntryPoint\",\"urlTemplate\":\"https:\/\/justiciaclima-ppii.pucp.edu.pe\/?s={search_term_string}\"},\"query-input\":\"required name=search_term_string\"}],\"inLanguage\":\"en-US\"},{\"@type\":\"Person\",\"@id\":\"https:\/\/justiciaclima-ppii.pucp.edu.pe\/#\/schema\/person\/4e871d891749b552c51eddb5453cd044\",\"name\":\"adminjusticlima\",\"image\":{\"@type\":\"ImageObject\",\"inLanguage\":\"en-US\",\"@id\":\"https:\/\/justiciaclima-ppii.pucp.edu.pe\/#\/schema\/person\/image\/\",\"url\":\"https:\/\/secure.gravatar.com\/avatar\/abc3cccd1720e1b5d77808da2baebffc509f7ad6c97f07fa3e7818388c2c3a88?s=96&d=mm&r=g\",\"contentUrl\":\"https:\/\/secure.gravatar.com\/avatar\/abc3cccd1720e1b5d77808da2baebffc509f7ad6c97f07fa3e7818388c2c3a88?s=96&d=mm&r=g\",\"caption\":\"adminjusticlima\"},\"sameAs\":[\"https:\/\/justiciaclima-ppii.pucp.edu.pe\"],\"url\":\"https:\/\/justiciaclima-ppii.pucp.edu.pe\/en\/author\/adminjusticlima\/\"}]}<\/script>\n<!-- \/ Yoast SEO plugin. -->","yoast_head_json":{"title":"La justicia se sit\u00faa en el centro de la acci\u00f3n por el clima - Justicia Clim\u00e1tica y Pueblos Ind\u00edgenas","description":"El IDRC se une al debate sobre la justicia clim\u00e1tica y da prioridad a las perspectivas del Sur","robots":{"index":"index","follow":"follow","max-snippet":"max-snippet:-1","max-image-preview":"max-image-preview:large","max-video-preview":"max-video-preview:-1"},"canonical":"https:\/\/justiciaclima-ppii.pucp.edu.pe\/en\/la-justicia-se-situa-en-el-centro-de-la-accion-por-el-clima\/","og_locale":"en_US","og_type":"article","og_title":"La justicia se sit\u00faa en el centro de la acci\u00f3n por el clima - Justicia Clim\u00e1tica y Pueblos Ind\u00edgenas","og_description":"El IDRC se une al debate sobre la justicia clim\u00e1tica y da prioridad a las perspectivas del Sur","og_url":"https:\/\/justiciaclima-ppii.pucp.edu.pe\/en\/la-justicia-se-situa-en-el-centro-de-la-accion-por-el-clima\/","og_site_name":"Justicia Clim\u00e1tica y Pueblos Ind\u00edgenas","article_published_time":"2023-08-26T21:06:55+00:00","article_modified_time":"2023-08-28T22:09:05+00:00","og_image":[{"width":1200,"height":800,"url":"https:\/\/justiciaclima-ppii.pucp.edu.pe\/wp-content\/uploads\/2023\/08\/Panos-climate-justice-activists-from-Peru-in-UK.jpeg","type":"image\/jpeg"}],"author":"adminjusticlima","twitter_card":"summary_large_image","twitter_misc":{"Written by":"adminjusticlima","Est. reading time":"6 minutes"},"schema":{"@context":"https:\/\/schema.org","@graph":[{"@type":"WebPage","@id":"https:\/\/justiciaclima-ppii.pucp.edu.pe\/la-justicia-se-situa-en-el-centro-de-la-accion-por-el-clima\/","url":"https:\/\/justiciaclima-ppii.pucp.edu.pe\/la-justicia-se-situa-en-el-centro-de-la-accion-por-el-clima\/","name":"La justicia se sit\u00faa en el centro de la acci\u00f3n por el clima - Justicia Clim\u00e1tica y Pueblos Ind\u00edgenas","isPartOf":{"@id":"https:\/\/justiciaclima-ppii.pucp.edu.pe\/#website"},"primaryImageOfPage":{"@id":"https:\/\/justiciaclima-ppii.pucp.edu.pe\/la-justicia-se-situa-en-el-centro-de-la-accion-por-el-clima\/#primaryimage"},"image":{"@id":"https:\/\/justiciaclima-ppii.pucp.edu.pe\/la-justicia-se-situa-en-el-centro-de-la-accion-por-el-clima\/#primaryimage"},"thumbnailUrl":"https:\/\/justiciaclima-ppii.pucp.edu.pe\/wp-content\/uploads\/2023\/08\/Panos-climate-justice-activists-from-Peru-in-UK.jpeg","datePublished":"2023-08-26T21:06:55+00:00","dateModified":"2023-08-28T22:09:05+00:00","author":{"@id":"https:\/\/justiciaclima-ppii.pucp.edu.pe\/#\/schema\/person\/4e871d891749b552c51eddb5453cd044"},"description":"El IDRC se une al debate sobre la justicia clim\u00e1tica y da prioridad a las perspectivas del Sur","breadcrumb":{"@id":"https:\/\/justiciaclima-ppii.pucp.edu.pe\/la-justicia-se-situa-en-el-centro-de-la-accion-por-el-clima\/#breadcrumb"},"inLanguage":"en-US","potentialAction":[{"@type":"ReadAction","target":["https:\/\/justiciaclima-ppii.pucp.edu.pe\/la-justicia-se-situa-en-el-centro-de-la-accion-por-el-clima\/"]}]},{"@type":"ImageObject","inLanguage":"en-US","@id":"https:\/\/justiciaclima-ppii.pucp.edu.pe\/la-justicia-se-situa-en-el-centro-de-la-accion-por-el-clima\/#primaryimage","url":"https:\/\/justiciaclima-ppii.pucp.edu.pe\/wp-content\/uploads\/2023\/08\/Panos-climate-justice-activists-from-Peru-in-UK.jpeg","contentUrl":"https:\/\/justiciaclima-ppii.pucp.edu.pe\/wp-content\/uploads\/2023\/08\/Panos-climate-justice-activists-from-Peru-in-UK.jpeg","width":1200,"height":800},{"@type":"BreadcrumbList","@id":"https:\/\/justiciaclima-ppii.pucp.edu.pe\/la-justicia-se-situa-en-el-centro-de-la-accion-por-el-clima\/#breadcrumb","itemListElement":[{"@type":"ListItem","position":1,"name":"Portada","item":"https:\/\/justiciaclima-ppii.pucp.edu.pe\/"},{"@type":"ListItem","position":2,"name":"La justicia se sit\u00faa en el centro de la acci\u00f3n por el clima"}]},{"@type":"WebSite","@id":"https:\/\/justiciaclima-ppii.pucp.edu.pe\/#website","url":"https:\/\/justiciaclima-ppii.pucp.edu.pe\/","name":"Justicia Clim\u00e1tica y Pueblos Ind\u00edgenas","description":"","potentialAction":[{"@type":"SearchAction","target":{"@type":"EntryPoint","urlTemplate":"https:\/\/justiciaclima-ppii.pucp.edu.pe\/?s={search_term_string}"},"query-input":"required name=search_term_string"}],"inLanguage":"en-US"},{"@type":"Person","@id":"https:\/\/justiciaclima-ppii.pucp.edu.pe\/#\/schema\/person\/4e871d891749b552c51eddb5453cd044","name":"adminjusticlima","image":{"@type":"ImageObject","inLanguage":"en-US","@id":"https:\/\/justiciaclima-ppii.pucp.edu.pe\/#\/schema\/person\/image\/","url":"https:\/\/secure.gravatar.com\/avatar\/abc3cccd1720e1b5d77808da2baebffc509f7ad6c97f07fa3e7818388c2c3a88?s=96&d=mm&r=g","contentUrl":"https:\/\/secure.gravatar.com\/avatar\/abc3cccd1720e1b5d77808da2baebffc509f7ad6c97f07fa3e7818388c2c3a88?s=96&d=mm&r=g","caption":"adminjusticlima"},"sameAs":["https:\/\/justiciaclima-ppii.pucp.edu.pe"],"url":"https:\/\/justiciaclima-ppii.pucp.edu.pe\/en\/author\/adminjusticlima\/"}]}},"_links":{"self":[{"href":"https:\/\/justiciaclima-ppii.pucp.edu.pe\/en\/wp-json\/wp\/v2\/posts\/355","targetHints":{"allow":["GET"]}}],"collection":[{"href":"https:\/\/justiciaclima-ppii.pucp.edu.pe\/en\/wp-json\/wp\/v2\/posts"}],"about":[{"href":"https:\/\/justiciaclima-ppii.pucp.edu.pe\/en\/wp-json\/wp\/v2\/types\/post"}],"author":[{"embeddable":true,"href":"https:\/\/justiciaclima-ppii.pucp.edu.pe\/en\/wp-json\/wp\/v2\/users\/1"}],"replies":[{"embeddable":true,"href":"https:\/\/justiciaclima-ppii.pucp.edu.pe\/en\/wp-json\/wp\/v2\/comments?post=355"}],"version-history":[{"count":1,"href":"https:\/\/justiciaclima-ppii.pucp.edu.pe\/en\/wp-json\/wp\/v2\/posts\/355\/revisions"}],"predecessor-version":[{"id":357,"href":"https:\/\/justiciaclima-ppii.pucp.edu.pe\/en\/wp-json\/wp\/v2\/posts\/355\/revisions\/357"}],"wp:featuredmedia":[{"embeddable":true,"href":"https:\/\/justiciaclima-ppii.pucp.edu.pe\/en\/wp-json\/wp\/v2\/media\/356"}],"wp:attachment":[{"href":"https:\/\/justiciaclima-ppii.pucp.edu.pe\/en\/wp-json\/wp\/v2\/media?parent=355"}],"wp:term":[{"taxonomy":"category","embeddable":true,"href":"https:\/\/justiciaclima-ppii.pucp.edu.pe\/en\/wp-json\/wp\/v2\/categories?post=355"},{"taxonomy":"post_tag","embeddable":true,"href":"https:\/\/justiciaclima-ppii.pucp.edu.pe\/en\/wp-json\/wp\/v2\/tags?post=355"}],"curies":[{"name":"wp","href":"https:\/\/api.w.org\/{rel}","templated":true}]}}