{"id":631,"date":"2024-09-16T09:12:52","date_gmt":"2024-09-16T14:12:52","guid":{"rendered":"https:\/\/justiciaclima-ppii.pucp.edu.pe\/?p=631"},"modified":"2025-04-04T10:19:31","modified_gmt":"2025-04-04T15:19:31","slug":"taller-nacional-enfocado-en-financiamiento-climatico-y-participacion-indigena","status":"publish","type":"post","link":"https:\/\/justiciaclima-ppii.pucp.edu.pe\/en\/taller-nacional-enfocado-en-financiamiento-climatico-y-participacion-indigena\/","title":{"rendered":"National workshop focused on climate financing and Indigenous participation"},"content":{"rendered":"<p><strong>The workshop addressed the participation of Indigenous Peoples in climate financing and the experiences of Indigenous economies in conservation, highlighting the need to integrate Indigenous knowledge systems and their practices in the pursuit of climate justice.<\/strong><\/p>\n<p><span style=\"font-weight: 400;\">The workshop on conservation and the role of Indigenous Peoples began with an earth offering performed by Indigenous leaders. The day was divided into two main sections. In the first section, focused on climate financing and Indigenous participation, Juana Kuramoto from Profonanpe presented the climate financing architecture in Peru, detailing the amounts and destinations of funds since 2014, as well as the policies to strengthen Indigenous participation.\u00a0<\/span><\/p>\n<div id=\"attachment_650\" style=\"width: 409px\" class=\"wp-caption aligncenter\"><img loading=\"lazy\" decoding=\"async\" aria-describedby=\"caption-attachment-650\" class=\"wp-image-650 img-fluid\" src=\"https:\/\/justiciaclima-ppii.pucp.edu.pe\/wp-content\/uploads\/2024\/09\/DSC00099-300x200.jpg\" alt=\"Una ofrenda a la tierra dio inicio a la jornada\" width=\"399\" height=\"266\" srcset=\"https:\/\/justiciaclima-ppii.pucp.edu.pe\/wp-content\/uploads\/2024\/09\/DSC00099-300x200.jpg 300w, https:\/\/justiciaclima-ppii.pucp.edu.pe\/wp-content\/uploads\/2024\/09\/DSC00099-1024x683.jpg 1024w, https:\/\/justiciaclima-ppii.pucp.edu.pe\/wp-content\/uploads\/2024\/09\/DSC00099-768x512.jpg 768w, https:\/\/justiciaclima-ppii.pucp.edu.pe\/wp-content\/uploads\/2024\/09\/DSC00099-1536x1024.jpg 1536w, https:\/\/justiciaclima-ppii.pucp.edu.pe\/wp-content\/uploads\/2024\/09\/DSC00099-2048x1365.jpg 2048w, https:\/\/justiciaclima-ppii.pucp.edu.pe\/wp-content\/uploads\/2024\/09\/DSC00099-18x12.jpg 18w, https:\/\/justiciaclima-ppii.pucp.edu.pe\/wp-content\/uploads\/2024\/09\/DSC00099-585x389.jpg 585w\" sizes=\"auto, (max-width: 399px) 100vw, 399px\" \/><p id=\"caption-attachment-650\" class=\"wp-caption-text\">Una ofrenda a la tierra dio inicio a la jornada<\/p><\/div>\n<p>&nbsp;<\/p>\n<p><span style=\"font-weight: 400;\">Maritza Paredes from the PUCP Project addressed the mechanisms of Payment for Ecosystem Services (PES) in Peru from a climate justice perspective, comparing MERESE and REDD+, and analyzed their impact on Indigenous communities and the ways in which these mechanisms are contested.<\/span><\/p>\n<p><span style=\"font-weight: 400;\">The second section consisted of a climate fair that showcased experiences with direct financing.\u00a0<\/span><\/p>\n<p><img loading=\"lazy\" decoding=\"async\" class=\"wp-image-647 alignleft img-fluid\" src=\"https:\/\/justiciaclima-ppii.pucp.edu.pe\/wp-content\/uploads\/2024\/09\/DSC00106-300x200.jpg\" alt=\"\" width=\"421\" height=\"280\" srcset=\"https:\/\/justiciaclima-ppii.pucp.edu.pe\/wp-content\/uploads\/2024\/09\/DSC00106-300x200.jpg 300w, https:\/\/justiciaclima-ppii.pucp.edu.pe\/wp-content\/uploads\/2024\/09\/DSC00106-1024x683.jpg 1024w, https:\/\/justiciaclima-ppii.pucp.edu.pe\/wp-content\/uploads\/2024\/09\/DSC00106-768x512.jpg 768w, https:\/\/justiciaclima-ppii.pucp.edu.pe\/wp-content\/uploads\/2024\/09\/DSC00106-1536x1024.jpg 1536w, https:\/\/justiciaclima-ppii.pucp.edu.pe\/wp-content\/uploads\/2024\/09\/DSC00106-2048x1365.jpg 2048w, https:\/\/justiciaclima-ppii.pucp.edu.pe\/wp-content\/uploads\/2024\/09\/DSC00106-18x12.jpg 18w, https:\/\/justiciaclima-ppii.pucp.edu.pe\/wp-content\/uploads\/2024\/09\/DSC00106-585x389.jpg 585w\" sizes=\"auto, (max-width: 421px) 100vw, 421px\" \/><\/p>\n<p><span style=\"font-weight: 400;\">At this fair, Indigenous organizations presented various projects. Nelsith Sangama and Eduardo Nugkuay from AIDESEP highlighted initiatives to strengthen Indigenous enterprises in crafts and tourism as measures for climate adaptation and Indigenous economy. Karen Valverde and Oseas Barbar\u00e1n from CONAP presented projects focused on governance and territorial monitoring.\u00a0<\/span><\/p>\n<p><span style=\"font-weight: 400;\">Ingrid Shiomara Yabar from the ECA Amarakaeri Communal Reserve presented the RED+R\u00cdA project, focusing on the conservation of native territories and the co-management of conservation areas. Danitza Quispe from ONAMIAP emphasized the need to integrate ancestral knowledge into climate projects and the challenges related to Indigenous consultation and participation. Additionally, <\/span><span style=\"font-weight: 400;\">Lourdes Huanca de FEMUCARINAP present\u00f3 proyectos de empoderamiento econ\u00f3mico para mujeres ind\u00edgenas. Niria Altamirano de CNA abord\u00f3 la promoci\u00f3n de la econom\u00eda ind\u00edgena y la adaptaci\u00f3n al cambio clim\u00e1tico. Elga Angulo de CCP mostr\u00f3 el proyecto \u00abSierra Productiva\u00bb y su enfoque en la agroecolog\u00eda, como un ejemplo de la econom\u00eda ind\u00edgena.<\/span><\/p>\n<p>&nbsp;<\/p>\n<p><span style=\"font-weight: 400;\">The group exhibitions included discussions specific to each sector. Ingrid Shiomara Yabar discussed the opportunities and challenges of mechanisms such as the Amazon Indigenous REDD+ (RIA), highlighting the importance of business plans, conservation, and ecotourism, as well as issues related to illegal activities and lack of transparency. <\/span><\/p>\n<p><span style=\"font-weight: 400;\">Danitza Quispe emphasized the relevance of ancestral practices and the need for climate projects to respect this knowledge, in addition to addressing issues with water resource management and the lack of prior consultation. Lily Rodr\u00edguez presented strategies to enhance benefits for Indigenous Peoples through the integration of jurisdictional planning, verification and safeguards, and a gender approach.<\/span><\/p>\n<p><span style=\"font-weight: 400;\">The workshop concluded with a valuable exchange on how to enhance the participation and benefits of Indigenous Peoples in environmental conservation, highlighting the need for collaboration and transparency in the implementation of climate projects.<\/span><\/p>\n<p>&nbsp;<\/p>","protected":false},"excerpt":{"rendered":"<p>El taller abord\u00f3 la participaci\u00f3n de los Pueblos Originarios e Ind\u00edgenas en el financiamiento clim\u00e1tico y las experiencias de las econom\u00edas ind\u00edgenas en la conservaci\u00f3n, destacando la necesidad de integrar los sistemas de conocimiento ind\u00edgena y sus pr\u00e1cticas en la b\u00fasqueda por justicia clim\u00e1tica. El taller sobre conservaci\u00f3n y el papel de los Pueblos Ind\u00edgenas [&hellip;]<\/p>","protected":false},"author":1,"featured_media":0,"comment_status":"closed","ping_status":"closed","sticky":false,"template":"","format":"standard","meta":{"_acf_changed":false,"footnotes":""},"categories":[4],"tags":[38,12,71,11],"class_list":["post-631","post","type-post","status-publish","format-standard","hentry","category-notas-de-prensa","tag-indigenous-visions-for-climate-justice","tag-pucp","tag-taller-nacional","tag-visiones-indigenas-para-la-justicia-climatica"],"acf":[],"yoast_head":"<!-- This site is optimized with the Yoast SEO plugin v23.1 - https:\/\/yoast.com\/wordpress\/plugins\/seo\/ -->\n<title>Taller nacional enfocado en financiamiento clim\u00e1tico y participaci\u00f3n ind\u00edgena - Justicia Clim\u00e1tica y Pueblos Ind\u00edgenas<\/title>\n<meta name=\"robots\" content=\"index, follow, max-snippet:-1, max-image-preview:large, max-video-preview:-1\" \/>\n<link rel=\"canonical\" href=\"https:\/\/justiciaclima-ppii.pucp.edu.pe\/en\/taller-nacional-enfocado-en-financiamiento-climatico-y-participacion-indigena\/\" \/>\n<meta property=\"og:locale\" content=\"en_US\" \/>\n<meta property=\"og:type\" content=\"article\" \/>\n<meta property=\"og:title\" content=\"Taller nacional enfocado en financiamiento clim\u00e1tico y participaci\u00f3n ind\u00edgena - Justicia Clim\u00e1tica y Pueblos Ind\u00edgenas\" \/>\n<meta property=\"og:description\" content=\"El taller abord\u00f3 la participaci\u00f3n de los Pueblos Originarios e Ind\u00edgenas en el financiamiento clim\u00e1tico y las experiencias de las econom\u00edas ind\u00edgenas en la conservaci\u00f3n, destacando la necesidad de integrar los sistemas de conocimiento ind\u00edgena y sus pr\u00e1cticas en la b\u00fasqueda por justicia clim\u00e1tica. El taller sobre conservaci\u00f3n y el papel de los Pueblos Ind\u00edgenas [&hellip;]\" \/>\n<meta property=\"og:url\" content=\"https:\/\/justiciaclima-ppii.pucp.edu.pe\/en\/taller-nacional-enfocado-en-financiamiento-climatico-y-participacion-indigena\/\" \/>\n<meta property=\"og:site_name\" content=\"Justicia Clim\u00e1tica y Pueblos Ind\u00edgenas\" \/>\n<meta property=\"article:published_time\" content=\"2024-09-16T14:12:52+00:00\" \/>\n<meta property=\"article:modified_time\" content=\"2025-04-04T15:19:31+00:00\" \/>\n<meta property=\"og:image\" content=\"https:\/\/justiciaclima-ppii.pucp.edu.pe\/wp-content\/uploads\/2024\/09\/DSC00099-300x200.jpg\" \/>\n<meta name=\"author\" content=\"adminjusticlima\" \/>\n<meta name=\"twitter:card\" content=\"summary_large_image\" \/>\n<meta name=\"twitter:label1\" content=\"Written by\" \/>\n\t<meta name=\"twitter:data1\" content=\"adminjusticlima\" \/>\n\t<meta name=\"twitter:label2\" content=\"Est. reading time\" \/>\n\t<meta name=\"twitter:data2\" content=\"3 minutes\" \/>\n<script type=\"application\/ld+json\" class=\"yoast-schema-graph\">{\"@context\":\"https:\/\/schema.org\",\"@graph\":[{\"@type\":\"WebPage\",\"@id\":\"https:\/\/justiciaclima-ppii.pucp.edu.pe\/taller-nacional-enfocado-en-financiamiento-climatico-y-participacion-indigena\/\",\"url\":\"https:\/\/justiciaclima-ppii.pucp.edu.pe\/taller-nacional-enfocado-en-financiamiento-climatico-y-participacion-indigena\/\",\"name\":\"Taller nacional enfocado en financiamiento clim\u00e1tico y participaci\u00f3n ind\u00edgena - Justicia Clim\u00e1tica y Pueblos Ind\u00edgenas\",\"isPartOf\":{\"@id\":\"https:\/\/justiciaclima-ppii.pucp.edu.pe\/#website\"},\"primaryImageOfPage\":{\"@id\":\"https:\/\/justiciaclima-ppii.pucp.edu.pe\/taller-nacional-enfocado-en-financiamiento-climatico-y-participacion-indigena\/#primaryimage\"},\"image\":{\"@id\":\"https:\/\/justiciaclima-ppii.pucp.edu.pe\/taller-nacional-enfocado-en-financiamiento-climatico-y-participacion-indigena\/#primaryimage\"},\"thumbnailUrl\":\"https:\/\/justiciaclima-ppii.pucp.edu.pe\/wp-content\/uploads\/2024\/09\/DSC00099-300x200.jpg\",\"datePublished\":\"2024-09-16T14:12:52+00:00\",\"dateModified\":\"2025-04-04T15:19:31+00:00\",\"author\":{\"@id\":\"https:\/\/justiciaclima-ppii.pucp.edu.pe\/#\/schema\/person\/4e871d891749b552c51eddb5453cd044\"},\"breadcrumb\":{\"@id\":\"https:\/\/justiciaclima-ppii.pucp.edu.pe\/taller-nacional-enfocado-en-financiamiento-climatico-y-participacion-indigena\/#breadcrumb\"},\"inLanguage\":\"en-US\",\"potentialAction\":[{\"@type\":\"ReadAction\",\"target\":[\"https:\/\/justiciaclima-ppii.pucp.edu.pe\/taller-nacional-enfocado-en-financiamiento-climatico-y-participacion-indigena\/\"]}]},{\"@type\":\"ImageObject\",\"inLanguage\":\"en-US\",\"@id\":\"https:\/\/justiciaclima-ppii.pucp.edu.pe\/taller-nacional-enfocado-en-financiamiento-climatico-y-participacion-indigena\/#primaryimage\",\"url\":\"https:\/\/justiciaclima-ppii.pucp.edu.pe\/wp-content\/uploads\/2024\/09\/DSC00099-300x200.jpg\",\"contentUrl\":\"https:\/\/justiciaclima-ppii.pucp.edu.pe\/wp-content\/uploads\/2024\/09\/DSC00099-300x200.jpg\"},{\"@type\":\"BreadcrumbList\",\"@id\":\"https:\/\/justiciaclima-ppii.pucp.edu.pe\/taller-nacional-enfocado-en-financiamiento-climatico-y-participacion-indigena\/#breadcrumb\",\"itemListElement\":[{\"@type\":\"ListItem\",\"position\":1,\"name\":\"Portada\",\"item\":\"https:\/\/justiciaclima-ppii.pucp.edu.pe\/\"},{\"@type\":\"ListItem\",\"position\":2,\"name\":\"Taller nacional enfocado en financiamiento clim\u00e1tico y participaci\u00f3n ind\u00edgena\"}]},{\"@type\":\"WebSite\",\"@id\":\"https:\/\/justiciaclima-ppii.pucp.edu.pe\/#website\",\"url\":\"https:\/\/justiciaclima-ppii.pucp.edu.pe\/\",\"name\":\"Justicia Clim\u00e1tica y Pueblos Ind\u00edgenas\",\"description\":\"\",\"potentialAction\":[{\"@type\":\"SearchAction\",\"target\":{\"@type\":\"EntryPoint\",\"urlTemplate\":\"https:\/\/justiciaclima-ppii.pucp.edu.pe\/?s={search_term_string}\"},\"query-input\":\"required name=search_term_string\"}],\"inLanguage\":\"en-US\"},{\"@type\":\"Person\",\"@id\":\"https:\/\/justiciaclima-ppii.pucp.edu.pe\/#\/schema\/person\/4e871d891749b552c51eddb5453cd044\",\"name\":\"adminjusticlima\",\"image\":{\"@type\":\"ImageObject\",\"inLanguage\":\"en-US\",\"@id\":\"https:\/\/justiciaclima-ppii.pucp.edu.pe\/#\/schema\/person\/image\/\",\"url\":\"https:\/\/secure.gravatar.com\/avatar\/abc3cccd1720e1b5d77808da2baebffc509f7ad6c97f07fa3e7818388c2c3a88?s=96&d=mm&r=g\",\"contentUrl\":\"https:\/\/secure.gravatar.com\/avatar\/abc3cccd1720e1b5d77808da2baebffc509f7ad6c97f07fa3e7818388c2c3a88?s=96&d=mm&r=g\",\"caption\":\"adminjusticlima\"},\"sameAs\":[\"https:\/\/justiciaclima-ppii.pucp.edu.pe\"],\"url\":\"https:\/\/justiciaclima-ppii.pucp.edu.pe\/en\/author\/adminjusticlima\/\"}]}<\/script>\n<!-- \/ Yoast SEO plugin. -->","yoast_head_json":{"title":"Taller nacional enfocado en financiamiento clim\u00e1tico y participaci\u00f3n ind\u00edgena - Justicia Clim\u00e1tica y Pueblos Ind\u00edgenas","robots":{"index":"index","follow":"follow","max-snippet":"max-snippet:-1","max-image-preview":"max-image-preview:large","max-video-preview":"max-video-preview:-1"},"canonical":"https:\/\/justiciaclima-ppii.pucp.edu.pe\/en\/taller-nacional-enfocado-en-financiamiento-climatico-y-participacion-indigena\/","og_locale":"en_US","og_type":"article","og_title":"Taller nacional enfocado en financiamiento clim\u00e1tico y participaci\u00f3n ind\u00edgena - Justicia Clim\u00e1tica y Pueblos Ind\u00edgenas","og_description":"El taller abord\u00f3 la participaci\u00f3n de los Pueblos Originarios e Ind\u00edgenas en el financiamiento clim\u00e1tico y las experiencias de las econom\u00edas ind\u00edgenas en la conservaci\u00f3n, destacando la necesidad de integrar los sistemas de conocimiento ind\u00edgena y sus pr\u00e1cticas en la b\u00fasqueda por justicia clim\u00e1tica. El taller sobre conservaci\u00f3n y el papel de los Pueblos Ind\u00edgenas [&hellip;]","og_url":"https:\/\/justiciaclima-ppii.pucp.edu.pe\/en\/taller-nacional-enfocado-en-financiamiento-climatico-y-participacion-indigena\/","og_site_name":"Justicia Clim\u00e1tica y Pueblos Ind\u00edgenas","article_published_time":"2024-09-16T14:12:52+00:00","article_modified_time":"2025-04-04T15:19:31+00:00","og_image":[{"url":"https:\/\/justiciaclima-ppii.pucp.edu.pe\/wp-content\/uploads\/2024\/09\/DSC00099-300x200.jpg"}],"author":"adminjusticlima","twitter_card":"summary_large_image","twitter_misc":{"Written by":"adminjusticlima","Est. reading time":"3 minutes"},"schema":{"@context":"https:\/\/schema.org","@graph":[{"@type":"WebPage","@id":"https:\/\/justiciaclima-ppii.pucp.edu.pe\/taller-nacional-enfocado-en-financiamiento-climatico-y-participacion-indigena\/","url":"https:\/\/justiciaclima-ppii.pucp.edu.pe\/taller-nacional-enfocado-en-financiamiento-climatico-y-participacion-indigena\/","name":"Taller nacional enfocado en financiamiento clim\u00e1tico y participaci\u00f3n ind\u00edgena - Justicia Clim\u00e1tica y Pueblos Ind\u00edgenas","isPartOf":{"@id":"https:\/\/justiciaclima-ppii.pucp.edu.pe\/#website"},"primaryImageOfPage":{"@id":"https:\/\/justiciaclima-ppii.pucp.edu.pe\/taller-nacional-enfocado-en-financiamiento-climatico-y-participacion-indigena\/#primaryimage"},"image":{"@id":"https:\/\/justiciaclima-ppii.pucp.edu.pe\/taller-nacional-enfocado-en-financiamiento-climatico-y-participacion-indigena\/#primaryimage"},"thumbnailUrl":"https:\/\/justiciaclima-ppii.pucp.edu.pe\/wp-content\/uploads\/2024\/09\/DSC00099-300x200.jpg","datePublished":"2024-09-16T14:12:52+00:00","dateModified":"2025-04-04T15:19:31+00:00","author":{"@id":"https:\/\/justiciaclima-ppii.pucp.edu.pe\/#\/schema\/person\/4e871d891749b552c51eddb5453cd044"},"breadcrumb":{"@id":"https:\/\/justiciaclima-ppii.pucp.edu.pe\/taller-nacional-enfocado-en-financiamiento-climatico-y-participacion-indigena\/#breadcrumb"},"inLanguage":"en-US","potentialAction":[{"@type":"ReadAction","target":["https:\/\/justiciaclima-ppii.pucp.edu.pe\/taller-nacional-enfocado-en-financiamiento-climatico-y-participacion-indigena\/"]}]},{"@type":"ImageObject","inLanguage":"en-US","@id":"https:\/\/justiciaclima-ppii.pucp.edu.pe\/taller-nacional-enfocado-en-financiamiento-climatico-y-participacion-indigena\/#primaryimage","url":"https:\/\/justiciaclima-ppii.pucp.edu.pe\/wp-content\/uploads\/2024\/09\/DSC00099-300x200.jpg","contentUrl":"https:\/\/justiciaclima-ppii.pucp.edu.pe\/wp-content\/uploads\/2024\/09\/DSC00099-300x200.jpg"},{"@type":"BreadcrumbList","@id":"https:\/\/justiciaclima-ppii.pucp.edu.pe\/taller-nacional-enfocado-en-financiamiento-climatico-y-participacion-indigena\/#breadcrumb","itemListElement":[{"@type":"ListItem","position":1,"name":"Portada","item":"https:\/\/justiciaclima-ppii.pucp.edu.pe\/"},{"@type":"ListItem","position":2,"name":"Taller nacional enfocado en financiamiento clim\u00e1tico y participaci\u00f3n ind\u00edgena"}]},{"@type":"WebSite","@id":"https:\/\/justiciaclima-ppii.pucp.edu.pe\/#website","url":"https:\/\/justiciaclima-ppii.pucp.edu.pe\/","name":"Justicia Clim\u00e1tica y Pueblos Ind\u00edgenas","description":"","potentialAction":[{"@type":"SearchAction","target":{"@type":"EntryPoint","urlTemplate":"https:\/\/justiciaclima-ppii.pucp.edu.pe\/?s={search_term_string}"},"query-input":"required name=search_term_string"}],"inLanguage":"en-US"},{"@type":"Person","@id":"https:\/\/justiciaclima-ppii.pucp.edu.pe\/#\/schema\/person\/4e871d891749b552c51eddb5453cd044","name":"adminjusticlima","image":{"@type":"ImageObject","inLanguage":"en-US","@id":"https:\/\/justiciaclima-ppii.pucp.edu.pe\/#\/schema\/person\/image\/","url":"https:\/\/secure.gravatar.com\/avatar\/abc3cccd1720e1b5d77808da2baebffc509f7ad6c97f07fa3e7818388c2c3a88?s=96&d=mm&r=g","contentUrl":"https:\/\/secure.gravatar.com\/avatar\/abc3cccd1720e1b5d77808da2baebffc509f7ad6c97f07fa3e7818388c2c3a88?s=96&d=mm&r=g","caption":"adminjusticlima"},"sameAs":["https:\/\/justiciaclima-ppii.pucp.edu.pe"],"url":"https:\/\/justiciaclima-ppii.pucp.edu.pe\/en\/author\/adminjusticlima\/"}]}},"_links":{"self":[{"href":"https:\/\/justiciaclima-ppii.pucp.edu.pe\/en\/wp-json\/wp\/v2\/posts\/631","targetHints":{"allow":["GET"]}}],"collection":[{"href":"https:\/\/justiciaclima-ppii.pucp.edu.pe\/en\/wp-json\/wp\/v2\/posts"}],"about":[{"href":"https:\/\/justiciaclima-ppii.pucp.edu.pe\/en\/wp-json\/wp\/v2\/types\/post"}],"author":[{"embeddable":true,"href":"https:\/\/justiciaclima-ppii.pucp.edu.pe\/en\/wp-json\/wp\/v2\/users\/1"}],"replies":[{"embeddable":true,"href":"https:\/\/justiciaclima-ppii.pucp.edu.pe\/en\/wp-json\/wp\/v2\/comments?post=631"}],"version-history":[{"count":10,"href":"https:\/\/justiciaclima-ppii.pucp.edu.pe\/en\/wp-json\/wp\/v2\/posts\/631\/revisions"}],"predecessor-version":[{"id":900,"href":"https:\/\/justiciaclima-ppii.pucp.edu.pe\/en\/wp-json\/wp\/v2\/posts\/631\/revisions\/900"}],"wp:attachment":[{"href":"https:\/\/justiciaclima-ppii.pucp.edu.pe\/en\/wp-json\/wp\/v2\/media?parent=631"}],"wp:term":[{"taxonomy":"category","embeddable":true,"href":"https:\/\/justiciaclima-ppii.pucp.edu.pe\/en\/wp-json\/wp\/v2\/categories?post=631"},{"taxonomy":"post_tag","embeddable":true,"href":"https:\/\/justiciaclima-ppii.pucp.edu.pe\/en\/wp-json\/wp\/v2\/tags?post=631"}],"curies":[{"name":"wp","href":"https:\/\/api.w.org\/{rel}","templated":true}]}}